{"id":3115,"date":"2014-05-27T11:33:00","date_gmt":"2014-05-27T09:33:00","guid":{"rendered":"https:\/\/www.tritabiscotti.com\/?p=3115"},"modified":"2020-03-05T19:22:45","modified_gmt":"2020-03-05T18:22:45","slug":"pasta-alle-erbette","status":"publish","type":"post","link":"https:\/\/www.tritabiscotti.com\/?p=3115","title":{"rendered":"Pasta alle erbette"},"content":{"rendered":"<div style=\"text-align: center;\">\n<span style=\"font-family: &quot;Courier New&quot;, Courier, monospace;\"><span style=\"font-size: small;\">Le erbe aromatiche sono sempre state un perenne compagno della mia cucina..<\/span><\/span><\/div>\n<div style=\"text-align: center;\">\n<span style=\"font-family: &quot;Courier New&quot;, Courier, monospace;\"><span style=\"font-size: small;\">Adoro avere sul balcone tutti i miei vasettini, dai quali attingere direttamente ogni qualvolta io ne abbia bisogno&#8230;<\/span><\/span><\/div>\n<div style=\"text-align: center;\">\n<\/div>\n<div style=\"text-align: center;\">\n<span style=\"font-family: &quot;Courier New&quot;, Courier, monospace;\"><span style=\"font-size: small;\">Sono una nota profuma mentre stendo, o mi affaccio la finestra&#8230;<\/span><\/span><\/div>\n<div style=\"text-align: center;\">\n<\/div>\n<div style=\"text-align: center;\">\n<span style=\"font-family: &quot;Courier New&quot;, Courier, monospace;\"><span style=\"font-size: small;\">Io uso le erbe aromatiche tutte le volte che posso: persino nella pi\u00f9 classica delle frittate io metto la maggiorana..!<\/span><\/span><\/div>\n<div style=\"text-align: center;\">\n<span style=\"font-family: &quot;Courier New&quot;, Courier, monospace;\"><span style=\"font-size: small;\">Trovo che esse arricchiscano di gusto e sapore la pi\u00f9 semplice delle ricette..<\/span><\/span><\/div>\n<div style=\"text-align: center;\">\n<span style=\"font-family: &quot;Courier New&quot;, Courier, monospace;\"><span style=\"font-size: small;\">Pensate solo alla focaccia normale, o a quella arricchita di salvia&#8230; E&#8217; un&#8217;esplosione di gusto e carattere! \ud83d\ude09<\/span><\/span><\/div>\n<div style=\"text-align: center;\">\n<\/div>\n<div style=\"text-align: center;\">\n<span style=\"font-family: &quot;Courier New&quot;, Courier, monospace;\"><span style=\"font-size: small;\">E questa pasta \u00e9 un elogio alle erbe aromatiche, le quali rappresentano il protaonista di questo piatto.<\/span><\/span><\/div>\n<div style=\"text-align: center;\">\n<span style=\"font-family: &quot;Courier New&quot;, Courier, monospace;\"><span style=\"font-size: small;\">Non ricordo dove io la avessi scovata, \u00e9 davvero ottima e alla dolce met\u00e0 piace tantissimo.. E&#8217; lui che quando \u00e9 un po&#8217; di tempo che non la preparo me la fa tornare alla mente! \ud83d\ude42<\/span><\/span><\/div>\n<div style=\"text-align: center;\">\n<\/div>\n<div style=\"text-align: center;\">\n<span style=\"font-family: &quot;Courier New&quot;, Courier, monospace;\"><span style=\"font-size: small;\">Una pasta di buona qualit\u00e0 ed ingredienti semplici riescono a rendere un pranzetto davvero sopraffino.. Come il nostro di oggi!&nbsp; <\/span><\/span><\/div>\n<div style=\"text-align: center;\">\n<\/div>\n<div style=\"text-align: center;\">\n<i><span style=\"font-family: &quot;Courier New&quot;, Courier, monospace;\"><span style=\"font-size: small;\">Pasta alle erbette<\/span><\/span><\/i><\/div>\n<div style=\"text-align: center;\">\n<\/div>\n<div style=\"text-align: center;\">\n<span style=\"font-family: &quot;Courier New&quot;, Courier, monospace;\"><span style=\"font-size: small;\">Ingredienti: <\/span><\/span><\/div>\n<div style=\"text-align: center;\">\n<span style=\"font-family: &quot;Courier New&quot;, Courier, monospace;\"><span style=\"font-size: small;\">160 gr pasta&nbsp;<\/span><\/span><\/div>\n<div style=\"text-align: center;\">\n<span style=\"font-family: &quot;Courier New&quot;, Courier, monospace;\"><span style=\"font-size: small;\">mezza cipolla<\/span><\/span><\/div>\n<div style=\"text-align: center;\">\n<span style=\"font-family: &quot;Courier New&quot;, Courier, monospace;\"><span style=\"font-size: small;\">mezzo dado<\/span><\/span><\/div>\n<div style=\"text-align: center;\">\n<span style=\"font-family: &quot;Courier New&quot;, Courier, monospace;\"><span style=\"font-size: small;\">una manciata di erbe aromatiche&nbsp;<\/span><\/span><\/div>\n<div style=\"text-align: center;\">\n<span style=\"font-family: &quot;Courier New&quot;, Courier, monospace;\"><span style=\"font-size: small;\">mezzo bicchiere di latte <\/span><\/span><\/div>\n<div style=\"text-align: center;\">\n<span style=\"font-family: &quot;Courier New&quot;, Courier, monospace;\"><span style=\"font-size: small;\">olio e burro q.b.&nbsp;<\/span><\/span><\/div>\n<div style=\"text-align: center;\">\n<span style=\"font-family: &quot;Courier New&quot;, Courier, monospace;\"><span style=\"font-size: small;\">aglio <\/span><\/span><\/div>\n<div style=\"text-align: center;\">\n<span style=\"font-family: &quot;Courier New&quot;, Courier, monospace;\"><span style=\"font-size: small;\"><br \/><\/span><\/span><\/div>\n<div style=\"text-align: center;\">\n<span style=\"font-family: &quot;Courier New&quot;, Courier, monospace;\"><span style=\"font-size: small;\">Esecuzione:<\/span><\/span><\/div>\n<div style=\"text-align: center;\">\n<span style=\"font-family: &quot;Courier New&quot;, Courier, monospace;\"><span style=\"font-size: small;\">Soffriggere in olio e burro la cipolla tritata finemente e l&#8217;aglio schiacciato.<\/span><\/span><\/div>\n<div style=\"text-align: center;\">\n<span style=\"font-family: &quot;Courier New&quot;, Courier, monospace;\"><span style=\"font-size: small;\">Aggiungere le erbette tritate e far cuocere per pochissimi minuti.<\/span><\/span><\/div>\n<div style=\"text-align: center;\">\n<span style=\"font-family: &quot;Courier New&quot;, Courier, monospace;\"><span style=\"font-size: small;\">Aggiungere il latte e il dado sbriciolato.<\/span><\/span><\/div>\n<div style=\"text-align: center;\">\n<span style=\"font-family: &quot;Courier New&quot;, Courier, monospace;\"><span style=\"font-size: small;\">Salare e pepare a piacere e cuocere fino a che il latte non inizia a asciugarsi.<\/span><\/span><\/div>\n<div style=\"text-align: center;\">\n<span style=\"font-family: &quot;Courier New&quot;, Courier, monospace;\"><span style=\"font-size: small;\">Nel frattempo cuocere la pasta in abbondante acqua salata; scolarla e saltarla direttamente nella padella con il condimento.<\/span><\/span><\/div>\n<div style=\"text-align: center;\">\n<span style=\"font-family: &quot;Courier New&quot;, Courier, monospace;\"><span style=\"font-size: small;\">Volendo \u00e9 possibile arricchirla con un bel formaggio saporito, ma gi\u00e0 cos\u00ec \u00e9 una bomba! \ud83d\ude42<\/span><\/span><\/div>\n<div style=\"text-align: center;\">\n<span style=\"font-family: &quot;Courier New&quot;, Courier, monospace;\"><span style=\"font-size: small;\"><br \/><\/span><\/span><\/div>\n<p><\/p>\n<div class=\"separator\" style=\"clear: both; text-align: center;\">\n<a href=\"https:\/\/www.tritabiscotti.com\/wp-content\/uploads\/2014\/05\/IMG_20140527_122617-1.jpg\" imageanchor=\"1\" style=\"margin-left: 1em; margin-right: 1em;\"><img loading=\"lazy\" border=\"0\" src=\"https:\/\/www.tritabiscotti.com\/wp-content\/uploads\/2014\/05\/IMG_20140527_122617-1.jpg\" height=\"400\" width=\"300\" \/><\/a><\/div>\n<p><\/p>\n<div class=\"separator\" style=\"clear: both; text-align: center;\">\n<a href=\"https:\/\/www.tritabiscotti.com\/wp-content\/uploads\/2014\/05\/IMG_20140527_122622-1.jpg\" imageanchor=\"1\" style=\"margin-left: 1em; margin-right: 1em;\"><img loading=\"lazy\" border=\"0\" src=\"https:\/\/www.tritabiscotti.com\/wp-content\/uploads\/2014\/05\/IMG_20140527_122622-1.jpg\" height=\"400\" width=\"300\" \/><\/a><\/div>\n<div style=\"text-align: center;\">\n<span style=\"font-family: &quot;Courier New&quot;, Courier, monospace;\"><span style=\"font-size: small;\"><br \/><\/span><\/span><\/div>\n<div class=\"separator\" style=\"clear: both; text-align: center;\">\n<a href=\"https:\/\/www.tritabiscotti.com\/wp-content\/uploads\/2014\/05\/IMG_20140527_122610-1.jpg\" imageanchor=\"1\" style=\"margin-left: 1em; margin-right: 1em;\"><img loading=\"lazy\" border=\"0\" src=\"https:\/\/www.tritabiscotti.com\/wp-content\/uploads\/2014\/05\/IMG_20140527_122610-1.jpg\" height=\"400\" width=\"300\" \/><\/a><\/div>\n<div style=\"text-align: center;\">\n<span style=\"font-family: &quot;Courier New&quot;, Courier, monospace;\"><span style=\"font-size: small;\"><\/span><\/span><\/div>\n<div style=\"text-align: center;\">\n<\/div>\n<div style=\"text-align: center;\">\n<\/div>\n<div style=\"text-align: center;\">\n<span style=\"font-family: &quot;Courier New&quot;,Courier,monospace;\"><span style=\"font-size: small;\">Con questa ricetta partecipo al contest di&nbsp;<a href=\"http:\/\/vadoincucina.blogspot.it\/2014\/05\/1contest-la-mia-pasta-con-sponsor.html\">Enrica<\/a>&nbsp;in collaborazione con&nbsp;<\/span><\/span><\/div>\n<p><span style=\"font-family: &quot;Courier New&quot;,Courier,monospace;\"><span style=\"font-size: small;\"><\/p>\n<p>\n<\/span><\/span><\/p>\n<div style=\"text-align: center;\">\n<span style=\"font-family: &quot;Courier New&quot;,Courier,monospace;\"><span style=\"font-size: small;\"><a href=\"http:\/\/www.pastalagano.it\/\">PastaLagano<\/a>:<\/span><\/span><\/div>\n<div style=\"text-align: center;\">\n<\/div>\n<div class=\"separator\" style=\"clear: both; text-align: center;\">\n<a href=\"http:\/\/vadoincucina.blogspot.it\/2014\/05\/1contest-la-mia-pasta-con-sponsor.html\"><img loading=\"lazy\" alt=\"http:\/\/vadoincucina.blogspot.it\/2014\/05\/1contest-la-mia-pasta-con-sponsor.html\" border=\"0\" src=\"http:\/\/2.bp.blogspot.com\/-QyNEBGs0tn4\/U3JNzjTcQFI\/AAAAAAAALLA\/n5X5XdFQke4\/s1600\/pasta.jpg\" height=\"166\" width=\"200\" \/><\/a><\/div>\n<div class=\"separator\" style=\"clear: both; text-align: center;\">\n<a href=\"http:\/\/www.pastalagano.it\/\"><img loading=\"lazy\" alt=\"http:\/\/www.pastalagano.it\/\" border=\"0\" src=\"http:\/\/1.bp.blogspot.com\/-8KvFcSb2iIY\/U3TCOfAWsoI\/AAAAAAAALM4\/iWbRxqcUycY\/s1600\/logo2.png\" height=\"127\" width=\"200\" \/><\/a><\/div>\n","protected":false},"excerpt":{"rendered":"<p>Le erbe aromatiche sono sempre state un perenne compagno della mia cucina.. Adoro avere sul balcone tutti i miei vasettini, dai quali attingere direttamente ogni qualvolta io ne abbia bisogno&#8230; Sono una nota profuma mentre stendo, o mi affaccio la finestra&#8230; Io uso le erbe aromatiche tutte le volte che posso: persino nella pi\u00f9 classica&#8230;<\/p>\n","protected":false},"author":1,"featured_media":0,"comment_status":"open","ping_status":"open","sticky":false,"template":"","format":"standard","meta":[],"categories":[1],"tags":[48,32],"_links":{"self":[{"href":"https:\/\/www.tritabiscotti.com\/index.php?rest_route=\/wp\/v2\/posts\/3115"}],"collection":[{"href":"https:\/\/www.tritabiscotti.com\/index.php?rest_route=\/wp\/v2\/posts"}],"about":[{"href":"https:\/\/www.tritabiscotti.com\/index.php?rest_route=\/wp\/v2\/types\/post"}],"author":[{"embeddable":true,"href":"https:\/\/www.tritabiscotti.com\/index.php?rest_route=\/wp\/v2\/users\/1"}],"replies":[{"embeddable":true,"href":"https:\/\/www.tritabiscotti.com\/index.php?rest_route=%2Fwp%2Fv2%2Fcomments&post=3115"}],"version-history":[{"count":1,"href":"https:\/\/www.tritabiscotti.com\/index.php?rest_route=\/wp\/v2\/posts\/3115\/revisions"}],"predecessor-version":[{"id":3470,"href":"https:\/\/www.tritabiscotti.com\/index.php?rest_route=\/wp\/v2\/posts\/3115\/revisions\/3470"}],"wp:attachment":[{"href":"https:\/\/www.tritabiscotti.com\/index.php?rest_route=%2Fwp%2Fv2%2Fmedia&parent=3115"}],"wp:term":[{"taxonomy":"category","embeddable":true,"href":"https:\/\/www.tritabiscotti.com\/index.php?rest_route=%2Fwp%2Fv2%2Fcategories&post=3115"},{"taxonomy":"post_tag","embeddable":true,"href":"https:\/\/www.tritabiscotti.com\/index.php?rest_route=%2Fwp%2Fv2%2Ftags&post=3115"}],"curies":[{"name":"wp","href":"https:\/\/api.w.org\/{rel}","templated":true}]}}