{"id":3110,"date":"2014-06-25T19:53:00","date_gmt":"2014-06-25T17:53:00","guid":{"rendered":"https:\/\/www.tritabiscotti.com\/?p=3110"},"modified":"2020-03-05T19:23:00","modified_gmt":"2020-03-05T18:23:00","slug":"panini-di-tomino-alla-barzetti","status":"publish","type":"post","link":"https:\/\/www.tritabiscotti.com\/?p=3110","title":{"rendered":"Panini di tomino alla barzetti, rivisitati!"},"content":{"rendered":"<div style=\"text-align: center;\">\n<span style=\"font-family: &quot;Courier New&quot;, Courier, monospace;\"><span style=\"font-size: small;\">Il formaggio nella mia famiglia \u00e9 un must..&nbsp;<\/span><\/span><\/div>\n<div style=\"text-align: center;\">\n<span style=\"font-family: &quot;Courier New&quot;, Courier, monospace;\"><span style=\"font-size: small;\">Non mancano mai nel nostro frigo pi\u00f9 variet\u00e0 di latticini da gustare post piatto principale..<\/span><\/span><\/div>\n<div style=\"text-align: center;\">\n<span style=\"font-family: &quot;Courier New&quot;, Courier, monospace;\"><span style=\"font-size: small;\">Adoriamo formaggi di qualsiasi tipo e latte&#8230; Capra, pecora, mucca.. Non importa, la nostra \u00e9 una vera dedizione!<\/span><\/span><\/div>\n<div style=\"text-align: center;\">\n<span style=\"font-family: &quot;Courier New&quot;, Courier, monospace;\"><span style=\"font-size: small;\">Quando, a <a href=\"http:\/\/cheese.slowfood.it\/\">Settembre<\/a><a href=\"https:\/\/www.blogger.com\/null\"> dello scorso anno siamo andati a Cheese a Bra<\/a>, io e Marta sembravamo due bimbe che avevano addocchiato la loro merenda preferita..<\/span><\/span><\/div>\n<div style=\"text-align: center;\">\n<span style=\"font-family: &quot;Courier New&quot;, Courier, monospace;\"><span style=\"font-size: small;\">Ed in effetti un po&#8217; cos\u00ec \u00e9 stato davvero.. <\/span><\/span><\/div>\n<div style=\"text-align: center;\">\n<span style=\"font-family: &quot;Courier New&quot;, Courier, monospace;\"><span style=\"font-size: small;\">Da piccoline la nostra merenda era panino con Parmigiano e succo di frutta alla pera..!<\/span><\/span><\/div>\n<div style=\"text-align: center;\">\n<span style=\"font-family: &quot;Courier New&quot;, Courier, monospace;\"><span style=\"font-size: small;\">&nbsp;E al contadino non far sapere quant&#8217;\u00e9 buono il formaggio con le pere!<\/span><\/span><\/div>\n<div style=\"text-align: center;\">\n<\/div>\n<div style=\"text-align: center;\">\n<span style=\"font-family: &quot;Courier New&quot;, Courier, monospace;\"><span style=\"font-size: small;\">Quella che vi propongo \u00e9 una ricetta vista al programma &#8220;La prova del cuoco&#8221; preparata dallo chef Barzetti, da me poi un po&#8217; rivisitata.<\/span><\/span><\/div>\n<div style=\"text-align: center;\">\n<span style=\"font-family: &quot;Courier New&quot;, Courier, monospace;\"><span style=\"font-size: small;\"><br \/><\/span><\/span><\/div>\n<div style=\"text-align: center;\">\n<br \/>\n<span style=\"font-size: small;\"><span style=\"font-family: &quot;Courier New&quot;,Courier,monospace;\"><b>Ingredienti<\/b> per 6 persone:<\/span><\/span><\/div>\n<div style=\"text-align: center;\">\n<span style=\"font-size: small;\"><span style=\"font-family: &quot;Courier New&quot;,Courier,monospace;\">&nbsp;6 formaggi tomini<br \/>\nrotondi,<\/span><\/span><\/div>\n<div style=\"text-align: center;\">\n<span style=\"font-size: small;\"><span style=\"font-family: &quot;Courier New&quot;,Courier,monospace;\">250 g di zucchine novelle,<\/span><\/span><\/div>\n<div style=\"text-align: center;\">\n<span style=\"font-size: small;\"><span style=\"font-family: &quot;Courier New&quot;,Courier,monospace;\">1 melanzana nera lunga,<\/span><\/span><\/div>\n<div style=\"text-align: center;\">\n<span style=\"font-size: small;\"><span style=\"font-family: &quot;Courier New&quot;,Courier,monospace;\">1 peperone<br \/>\nrosso,<\/span><\/span><\/div>\n<div style=\"text-align: center;\">\n<span style=\"font-size: small;\"><span style=\"font-family: &quot;Courier New&quot;,Courier,monospace;\">12 fiori di zucchina,<\/span><\/span><\/div>\n<div style=\"text-align: center;\">\n<span style=\"font-size: small;\"><span style=\"font-family: &quot;Courier New&quot;,Courier,monospace;\">1\/2 porro,<\/span><\/span><\/div>\n<div style=\"text-align: center;\">\n<span style=\"font-size: small;\"><span style=\"font-family: &quot;Courier New&quot;,Courier,monospace;\">qualche foglia di basilico,<\/span><\/span><\/div>\n<div style=\"text-align: center;\">\n<span style=\"font-size: small;\"><span style=\"font-family: &quot;Courier New&quot;,Courier,monospace;\">1<br \/>\nfoglia d\u2019alloro,<\/span><\/span><\/div>\n<div style=\"text-align: center;\">\n<span style=\"font-size: small;\"><span style=\"font-family: &quot;Courier New&quot;,Courier,monospace;\">aceto balsamico,<\/span><\/span><\/div>\n<div style=\"text-align: center;\">\n<span style=\"font-size: small;\"><span style=\"font-family: &quot;Courier New&quot;,Courier,monospace;\">sale e<br \/>\n pepe,<\/span><\/span><\/div>\n<div style=\"text-align: center;\">\n<span style=\"font-size: small;\"><span style=\"font-family: &quot;Courier New&quot;,Courier,monospace;\">olio extravergine di oliva.<\/span><\/span><\/div>\n<div style=\"text-align: center;\">\n<span style=\"font-size: small;\"><span style=\"font-family: &quot;Courier New&quot;,Courier,monospace;\">(la ricetta prevedeva anche una misticanza di insalate novelle, da me omessa)<\/span><\/span><\/div>\n<div style=\"text-align: center;\">\n<span style=\"font-size: small;\"><span style=\"font-family: &quot;Courier New&quot;,Courier,monospace;\"><\/span><\/span><\/div>\n<div style=\"text-align: center;\">\n<\/div>\n<div style=\"text-align: center;\">\n<span style=\"font-size: small;\"><span style=\"font-family: &quot;Courier New&quot;,Courier,monospace;\">Esecuzione: <\/span><\/span><\/div>\n<div style=\"text-align: center;\">\n<span style=\"font-size: small;\"><span style=\"font-family: &quot;Courier New&quot;,Courier,monospace;\">&nbsp;Cio che ho cambiato \u00e9 stata la preparazione delle verdure, la ricetta prevedeva di cuocerle in padella, noi le abbiamo cotte invece in un cartoccio di carta forno per 10 minuti a 200\u00b0C.. Buonissime..!<\/span><\/span><\/div>\n<div style=\"text-align: center;\">\n<span style=\"font-size: small;\"><span style=\"font-family: &quot;Courier New&quot;,Courier,monospace;\"><br \/><\/span><\/span><\/div>\n<div style=\"text-align: center;\">\n<span style=\"font-size: small;\"><span style=\"font-family: &quot;Courier New&quot;,Courier,monospace;\">Laviamo e tagliamo le zucchine a julienne, mentre il porro lo tagliamo a<br \/>\n fettine sottili. Puliamo e sfilacciamo i fiori di zucca, peliamo e<br \/>\ntagliamo a fette sottili di circa mezzo centimetro la melanzana,<\/span><\/span><span style=\"font-size: small;\"><span style=\"font-family: &quot;Courier New&quot;,Courier,monospace;\"><span style=\"font-size: small;\"><span style=\"font-family: &quot;Courier New&quot;,Courier,monospace;\"> puliamo e<br \/>\naffettiamo i peperoni a julienne.<\/span><\/span> Ungiamo il tutto leggermente,infine le profumiamo con qualche foglia di basilico, saliamo e pepiamo.<\/span><\/span><\/div>\n<div style=\"text-align: center;\">\n<span style=\"font-size: small;\"><span style=\"font-family: &quot;Courier New&quot;,Courier,monospace;\">Aggiungiamo l&#8217;alloro. <\/span><\/span><\/div>\n<div style=\"text-align: center;\">\n<span style=\"font-size: small;\"><span style=\"font-family: &quot;Courier New&quot;,Courier,monospace;\">Chiudiamo in un cartoccio di carta forno per 10 minuti a 200\u00b0, sforniamo e lasciamo raffreddare.&nbsp;<\/span><\/span><\/div>\n<div style=\"text-align: center;\">\n<span style=\"font-size: small;\"><span style=\"font-family: &quot;Courier New&quot;,Courier,monospace;\">Tagliamo i tomini a<br \/>\nmet\u00e0 in senso orizzontale; farciamo ognuno con le verdure, chiudiamo ciascun tomino con la sua met\u00e0 e ripassiamo in forno a 220\u00b0 per 4<br \/>\n minuti.<\/span><\/span><\/div>\n<div style=\"text-align: center;\">\n<span style=\"font-size: small;\"><span style=\"font-family: &quot;Courier New&quot;,Courier,monospace;\">Serviamo ben caldi!<\/span><\/span><\/div>\n<div style=\"text-align: center;\">\n<\/div>\n<div class=\"separator\" style=\"clear: both; text-align: center;\">\n<a href=\"https:\/\/www.tritabiscotti.com\/wp-content\/uploads\/2014\/06\/IMG_20140602_194028-1.jpg\" imageanchor=\"1\" style=\"margin-left: 1em; margin-right: 1em;\"><img loading=\"lazy\" border=\"0\" src=\"https:\/\/www.tritabiscotti.com\/wp-content\/uploads\/2014\/06\/IMG_20140602_194028-1.jpg\" height=\"300\" width=\"400\" \/><\/a><\/div>\n<div style=\"text-align: center;\">\n<\/div>\n<div class=\"separator\" style=\"clear: both; text-align: center;\">\n<a href=\"https:\/\/www.tritabiscotti.com\/wp-content\/uploads\/2014\/06\/IMG_20140602_194045-1.jpg\" imageanchor=\"1\" style=\"margin-left: 1em; margin-right: 1em;\"><img loading=\"lazy\" border=\"0\" src=\"https:\/\/www.tritabiscotti.com\/wp-content\/uploads\/2014\/06\/IMG_20140602_194045-1.jpg\" height=\"300\" width=\"400\" \/><\/a><\/div>\n<p><\/p>\n<div class=\"separator\" style=\"clear: both; text-align: center;\">\n<a href=\"https:\/\/www.tritabiscotti.com\/wp-content\/uploads\/2014\/06\/IMG_20140602_194035-1.jpg\" imageanchor=\"1\" style=\"margin-left: 1em; margin-right: 1em;\"><img loading=\"lazy\" border=\"0\" src=\"https:\/\/www.tritabiscotti.com\/wp-content\/uploads\/2014\/06\/IMG_20140602_194035-1.jpg\" height=\"300\" width=\"400\" \/><\/a><\/div>\n<p><\/p>\n<div class=\"separator\" style=\"clear: both; text-align: center;\">\n<a href=\"https:\/\/www.tritabiscotti.com\/wp-content\/uploads\/2014\/06\/IMG_20140602_194107-1.jpg\" imageanchor=\"1\" style=\"margin-left: 1em; margin-right: 1em;\"><img loading=\"lazy\" border=\"0\" src=\"https:\/\/www.tritabiscotti.com\/wp-content\/uploads\/2014\/06\/IMG_20140602_194107-1.jpg\" height=\"300\" width=\"400\" \/><\/a><\/div>\n<div class=\"separator\" style=\"clear: both; text-align: center;\">\n<a href=\"http:\/\/4.bp.blogspot.com\/-i7jCEYK_dIg\/U6shWZ5jzoI\/AAAAAAAABUU\/c0IrHJyR1Xk\/s1600\/IMG_20140602_194107.jpg\" imageanchor=\"1\" style=\"margin-left: 1em; margin-right: 1em;\"><br \/><\/a><\/div>\n<div class=\"separator\" style=\"clear: both; text-align: center;\">\n<a href=\"http:\/\/4.bp.blogspot.com\/-i7jCEYK_dIg\/U6shWZ5jzoI\/AAAAAAAABUU\/c0IrHJyR1Xk\/s1600\/IMG_20140602_194107.jpg\" imageanchor=\"1\" style=\"margin-left: 1em; margin-right: 1em;\"><br \/><\/a><\/div>\n<div style=\"text-align: center;\">\n<span style=\"font-size: small;\"><span style=\"font-family: &quot;Courier New&quot;,Courier,monospace;\">&nbsp;<\/span><\/span><i>Dopo questa fantastica ricetta vorrei ringraziare <a href=\"http:\/\/ibiscottidellazia.blogspot.it\/\">Consuelo<\/a> per il magnifico premio ricevuto:<\/i><\/div>\n<div style=\"text-align: center;\">\n<i>&#8220;Lovely Blog Award&#8221;&nbsp;<\/i><\/div>\n<div style=\"text-align: center;\">\n<i><br \/><\/i><\/div>\n<div class=\"separator\" style=\"clear: both; text-align: center;\">\n<a href=\"https:\/\/www.tritabiscotti.com\/wp-content\/uploads\/2014\/06\/Award-Lovely-Blog-award-by-EcoBioUniverse-1.jpg\" imageanchor=\"1\" style=\"margin-left: 1em; margin-right: 1em;\"><img border=\"0\" src=\"https:\/\/www.tritabiscotti.com\/wp-content\/uploads\/2014\/06\/Award-Lovely-Blog-award-by-EcoBioUniverse-1.jpg\" \/><\/a><\/div>\n<div style=\"text-align: center;\">\n<i><br \/><\/i><\/div>\n<div style=\"text-align: center;\">\n<\/div>\n<div class=\"separator\" style=\"clear: both; text-align: left;\">\n<span style=\"font-size: small;\"><span style=\"font-family: &quot;Courier New&quot;,Courier,monospace;\">Le regole per ritirare il premio sono le seguenti:<\/span><\/span><\/div>\n<p><span style=\"font-size: small;\"><span style=\"font-family: &quot;Courier New&quot;,Courier,monospace;\"><br \/>\n<\/span><\/span><br \/>\n<\/p>\n<div class=\"separator\" style=\"clear: both; text-align: left;\">\n<span style=\"font-size: small;\"><span style=\"font-family: &quot;Courier New&quot;,Courier,monospace;\">&#8211; rispondere alle 10 domande allegate;<\/span><\/span><\/div>\n<p><span style=\"font-size: small;\"><span style=\"font-family: &quot;Courier New&quot;,Courier,monospace;\"><br \/>\n<\/span><\/span><br \/>\n<\/p>\n<div class=\"separator\" style=\"clear: both; text-align: left;\">\n<span style=\"font-size: small;\"><span style=\"font-family: &quot;Courier New&quot;,Courier,monospace;\">&#8211; elencare 10 blog a cui donare il premio;<\/span><\/span><\/div>\n<p><span style=\"font-size: small;\"><span style=\"font-family: &quot;Courier New&quot;,Courier,monospace;\"><br \/>\n<\/span><\/span><br \/>\n<\/p>\n<div class=\"separator\" style=\"clear: both; text-align: left;\">\n<span style=\"font-size: small;\"><span style=\"font-family: &quot;Courier New&quot;,Courier,monospace;\">&#8211; avvisare i suddetti premiati;<\/span><\/span><\/div>\n<p><span style=\"font-size: small;\"><span style=\"font-family: &quot;Courier New&quot;,Courier,monospace;\"><br \/>\n<\/span><\/span><br \/>\n<\/p>\n<div class=\"separator\" style=\"clear: both; text-align: left;\">\n<span style=\"font-size: small;\"><span style=\"font-family: &quot;Courier New&quot;,Courier,monospace;\">&#8211; ringraziare il blogger che ci ha premiato;<\/span><\/span><\/div>\n<p><span style=\"font-size: small;\"><span style=\"font-family: &quot;Courier New&quot;,Courier,monospace;\"><br \/>\n<\/span><\/span><br \/>\n<\/p>\n<div class=\"separator\" style=\"clear: both; text-align: left;\">\n<span style=\"font-size: small;\"><span style=\"font-family: &quot;Courier New&quot;,Courier,monospace;\">&#8211; inserire il banner del premio nel blog.<\/span><\/span><\/div>\n<p><span style=\"font-size: small;\"><span style=\"font-family: &quot;Courier New&quot;,Courier,monospace;\"><br \/>\n<\/span><\/span><br \/>\n<\/p>\n<div class=\"separator\" style=\"clear: both; text-align: left;\">\n<span style=\"font-size: small;\"><span style=\"font-family: &quot;Courier New&quot;,Courier,monospace;\"><br \/><\/span><\/span><\/div>\n<p><span style=\"font-size: small;\"><span style=\"font-family: &quot;Courier New&quot;,Courier,monospace;\"><br \/>\n<\/span><\/span><br \/>\n<\/p>\n<div class=\"separator\" style=\"clear: both; text-align: left;\">\n<span style=\"font-size: small;\"><span style=\"font-family: &quot;Courier New&quot;,Courier,monospace;\"><b>1. Com&#8217;\u00e8 cambiata la tua vita con il blog?<\/b><\/span><\/span><\/div>\n<p><span style=\"font-size: small;\"><span style=\"font-family: &quot;Courier New&quot;,Courier,monospace;\"><br \/>\nAprire il blog \u00e9 stata un&#8217;idea di mia sorella, io ho sempre pensato che non sarei mai stata capace di arrivare a foto e risultati come quelli dei blog che guardavo sul web.. Ed invece questa avventura mi appassiona e mi gratifica ogni giorno di pi\u00f9!<br \/>\n<b>2. Descriviti con un aggettivo.<\/b><br \/>\nFrenetica<br \/>\n<b>3. Quale stato d\u2019animo ti rappresenta meglio?<\/b><br \/>\nQualcuno direbbe nervosetta&#8230; \ud83d\ude09<br \/>\n<b>4. Trovate pi\u00f9 seducente l\u2019intelligenza o l\u2019attrazione fisica?<\/b><br \/>\nSarei ipocrita a non dire che ci vuole la giusta quantit\u00e0 di entrambe le cose! \ud83d\ude09<br \/>\n<b>5. Il vostro motto \u00e8 \u2026?&nbsp;<\/b><br \/>\nE&#8217; sempre festa.. Come dice il blog, siamo perennemente immerse nelle organizzioni e feste con gli amici.<br \/>\n<b>6. Quanti libri leggi in un anno?<\/b><br \/>\nDipende da quanto tempo ho, ultimamente pochi, 5 direi.. Da piccola ne divoravo 3 al mese..<br \/>\n<b>7. Un pregio e un difetto di te.<\/b><br \/>\nPremurosa e zuccona.<br \/>\n<b>8. Musica, Cantante, Strumento musicale preferito.<\/b><br \/>\nDance, Ligabue e chitarra, pur sapendo strimpellare a malapena &#8220;le bionde trecce gli occhi azzurri e poi&#8230;&#8221;<br \/>\n<b>9. Esiste l\u2019amicizia virtuale?<\/b><br \/>\nSi, ho tante amiche blogger che visito puntualmente e che leggo sempre con curiosit\u00e0 e piacere.<br \/>\n<b>10. Quanto trovi stupide\/carine queste piccole attenzioni con un pensiero Award?<\/b><br \/>\nLe adoro.. Trovo sia un modo carino per dimostrare il nostro apprezzamento per il lavoro altrui e allo stesso tempo una gratificazione del nostro lavoro! \ud83d\ude09<\/span><\/span><br \/>\n<span style=\"font-size: small;\"><span style=\"font-family: &quot;Courier New&quot;,Courier,monospace;\"><br \/><\/span><\/span><br \/>\n<span style=\"font-size: small;\"><span style=\"font-family: &quot;Courier New&quot;,Courier,monospace;\">Cedo questo premio ai seguenti 10 blog, sono blog che seguo con affetto e a cui voglio dire quanto mi piaccia leggervi e seguirvi!<\/span><\/span><br \/>\n<a href=\"http:\/\/dolcinboutique.blogspot.it\/\"><span style=\"font-size: small;\"><span style=\"font-family: &quot;Courier New&quot;,Courier,monospace;\">http:\/\/dolcinboutique.blogspot.it\/<\/span><\/span><\/a><br \/>\n<a href=\"http:\/\/dolcisognare.blogspot.it\/\"><span style=\"font-size: small;\"><span style=\"font-family: &quot;Courier New&quot;,Courier,monospace;\">http:\/\/dolcisognare.blogspot.it<\/span><\/span><\/a><br \/>\n<a href=\"http:\/\/lattedolcefritto.blogspot.it\/\"><span style=\"font-size: small;\"><span style=\"font-family: &quot;Courier New&quot;,Courier,monospace;\">http:\/\/lattedolcefritto.blogspot.it\/<\/span><\/span><\/a><br \/>\n<a href=\"http:\/\/semivaniglia.blogspot.it\/\"><span style=\"font-size: small;\"><span style=\"font-family: &quot;Courier New&quot;,Courier,monospace;\">http:\/\/semivaniglia.blogspot.it<\/span><\/span><\/a><br \/>\n<a href=\"http:\/\/dolceehobby.blogspot.it\/\"><span style=\"font-size: small;\"><span style=\"font-family: &quot;Courier New&quot;,Courier,monospace;\">http:\/\/dolceehobby.blogspot.it<\/span><\/span><\/a><br \/>\n<a href=\"http:\/\/bricioledibonta.blogspot.it\/\"><span style=\"font-size: small;\"><span style=\"font-family: &quot;Courier New&quot;,Courier,monospace;\">http:\/\/bricioledibonta.blogspot.it\/<\/span><\/span><\/a><br \/>\n<a href=\"http:\/\/puffinincucina.blogspot.it\/\"><span style=\"font-size: small;\"><span style=\"font-family: &quot;Courier New&quot;,Courier,monospace;\">http:\/\/puffinincucina.blogspot.it\/<\/span><\/span><\/a><br \/>\n<a href=\"http:\/\/lacucinadellestreghe.blogspot.it\/\"><span style=\"font-size: small;\"><span style=\"font-family: &quot;Courier New&quot;,Courier,monospace;\">http:\/\/lacucinadellestreghe.blogspot.it\/<\/span><\/span><\/a><br \/>\n<a href=\"http:\/\/dolcizie.blogspot.it\/\"><span style=\"font-size: small;\"><span style=\"font-family: &quot;Courier New&quot;,Courier,monospace;\">http:\/\/dolcizie.blogspot.it<\/span><\/span><\/a><br \/>\n<a href=\"http:\/\/www.fotocibiamo.com\/\"><span style=\"font-size: small;\"><span style=\"font-family: &quot;Courier New&quot;,Courier,monospace;\">http:\/\/www.fotocibiamo.com\/<\/span><\/span><\/a><br \/>\n<span style=\"font-size: small;\"><span style=\"font-family: &quot;Courier New&quot;,Courier,monospace;\"><br \/><\/span><\/span><br \/>\n<span style=\"font-size: small;\"><span style=\"font-family: &quot;Courier New&quot;,Courier,monospace;\"><br \/><\/span><\/span><br \/>\n<\/p>\n<div style=\"text-align: center;\">\n<i><br \/><\/i><\/div>\n<div style=\"text-align: center;\">\n<i><br \/><\/i><\/div>\n","protected":false},"excerpt":{"rendered":"<p>Il formaggio nella mia famiglia \u00e9 un must..&nbsp; Non mancano mai nel nostro frigo pi\u00f9 variet\u00e0 di latticini da gustare post piatto principale.. Adoriamo formaggi di qualsiasi tipo e latte&#8230; Capra, pecora, mucca.. Non importa, la nostra \u00e9 una vera dedizione! Quando, a Settembre dello scorso anno siamo andati a Cheese a Bra, io e&#8230;<\/p>\n","protected":false},"author":1,"featured_media":0,"comment_status":"open","ping_status":"open","sticky":false,"template":"","format":"standard","meta":[],"categories":[1],"tags":[15,27],"_links":{"self":[{"href":"https:\/\/www.tritabiscotti.com\/index.php?rest_route=\/wp\/v2\/posts\/3110"}],"collection":[{"href":"https:\/\/www.tritabiscotti.com\/index.php?rest_route=\/wp\/v2\/posts"}],"about":[{"href":"https:\/\/www.tritabiscotti.com\/index.php?rest_route=\/wp\/v2\/types\/post"}],"author":[{"embeddable":true,"href":"https:\/\/www.tritabiscotti.com\/index.php?rest_route=\/wp\/v2\/users\/1"}],"replies":[{"embeddable":true,"href":"https:\/\/www.tritabiscotti.com\/index.php?rest_route=%2Fwp%2Fv2%2Fcomments&post=3110"}],"version-history":[{"count":1,"href":"https:\/\/www.tritabiscotti.com\/index.php?rest_route=\/wp\/v2\/posts\/3110\/revisions"}],"predecessor-version":[{"id":3493,"href":"https:\/\/www.tritabiscotti.com\/index.php?rest_route=\/wp\/v2\/posts\/3110\/revisions\/3493"}],"wp:attachment":[{"href":"https:\/\/www.tritabiscotti.com\/index.php?rest_route=%2Fwp%2Fv2%2Fmedia&parent=3110"}],"wp:term":[{"taxonomy":"category","embeddable":true,"href":"https:\/\/www.tritabiscotti.com\/index.php?rest_route=%2Fwp%2Fv2%2Fcategories&post=3110"},{"taxonomy":"post_tag","embeddable":true,"href":"https:\/\/www.tritabiscotti.com\/index.php?rest_route=%2Fwp%2Fv2%2Ftags&post=3110"}],"curies":[{"name":"wp","href":"https:\/\/api.w.org\/{rel}","templated":true}]}}